{"id":276,"date":"2020-07-11T14:29:26","date_gmt":"2020-07-11T12:29:26","guid":{"rendered":"https:\/\/www.sophieecrit.com\/?p=276"},"modified":"2020-07-11T14:29:27","modified_gmt":"2020-07-11T12:29:27","slug":"semaine-1","status":"publish","type":"post","link":"https:\/\/www.sophieecrit.com\/blog\/semaine-1\/","title":{"rendered":"Semaine 1"},"content":{"rendered":"\n<figure class=\"wp-block-image size-large is-resized\"><img loading=\"lazy\" decoding=\"async\" src=\"https:\/\/www.sophieecrit.com\/wp-content\/uploads\/2020\/07\/Covid-1-IMG_4118.jpg\" alt=\"\" class=\"wp-image-277\" width=\"588\" height=\"665\" srcset=\"https:\/\/www.sophieecrit.com\/wp-content\/uploads\/2020\/07\/Covid-1-IMG_4118.jpg 566w, https:\/\/www.sophieecrit.com\/wp-content\/uploads\/2020\/07\/Covid-1-IMG_4118-170x192.jpg 170w\" sizes=\"auto, (max-width: 588px) 100vw, 588px\" \/><figcaption>Le Covid dessin\u00e9 par Louise.<\/figcaption><\/figure>\n\n\n\n<p><strong>Rentrer<\/strong><\/p>\n\n\n\n<p>&nbsp;&nbsp;&nbsp;Le Pr\u00e9sident de R\u00e9publique a parl\u00e9. Nous\nsommes au 1<sup>er<\/sup> jour d\u2019une s\u00e9v\u00e8re lutte contre le COVID-19, ce coronavirus\nvenu de Chine et qui n\u2019en finit pas de se r\u00e9pandre, de pays en continent.<\/p>\n\n\n\n<p>&nbsp; &nbsp;Alors,\nce matin, j\u2019ai donn\u00e9 mon dernier cours de fran\u00e7ais (langue \u00e9trang\u00e8re) avant\nd\u2019entrer en confinement. J\u2019ai dit au revoir \u00e0 mes \u00e9tudiants venus du monde entier.\nEnfin, \u00e0 ceux qui restent en France car la plupart des Am\u00e9ricains sont d\u00e9j\u00e0 repartis,\n\u00e0 toute vitesse. Certains m\u2019ont annonc\u00e9 hier qu\u2019ils \u00e9taient oblig\u00e9s de rentrer\npr\u00e9cipitamment aux Etats-Unis. Une obligation de leur universit\u00e9, ou du\nPr\u00e9sident Trump. Ce n\u2019\u00e9tait pas tr\u00e8s clair. D\u2019autres \u00e9tudiants ne se sont pas\nmanifest\u00e9s. Probablement trop occup\u00e9s \u00e0 trouver un billet d\u2019avion, boucler\nleurs valises, ne rien oublier derri\u00e8re eux. Ils ne reviendront pas. &nbsp;Leur semestre en France s\u2019est interrompu sans\nm\u00eame un adieu. <\/p>\n\n\n\n<p>\u00a0\u00a0 Louise, ma fille de 11 ans, est rentr\u00e9e de l\u2019\u00e9cole son sac \u00e0 dos\u00a0de CM2 plein \u00e0 craquer : 2 classeurs de bureau, une pochette A4 remplie \u00e0 ras bord, une tr\u00e8s longue liste de devoirs. Ce sera d\u00e9sormais l\u2019\u00e9cole \u00e0 la maison\u00a0! Pour elle, pour moi. Son p\u00e8re travaillera sur le balcon, comme souvent, pour ne pas nous enfumer. <\/p>\n\n\n\n<p>    Etrange exp\u00e9rience qui devrait durer deux semaines, ou quarante jours, si l\u2019on \u00e9coute certains m\u00e9decins. On verra bien.<\/p>\n\n\n\n<p class=\"has-text-align-right\"><em>J 1&nbsp;&nbsp; Vendredi 13 mars 2020&nbsp;&nbsp; <\/em><\/p>\n\n\n\n<p><strong>Et \u00e0 Singapour ?<\/strong><\/p>\n<p>Une amie m\u2019appelle de Singapour. Ses enfants continuent d\u2019aller \u00e0 l\u2019\u00e9cole, les parents de travailler au bureau. Seules quatre personnes touch\u00e9es par le Covid-19 ont \u00e9t\u00e9 mises en quarantaine. Personne ne porte de masque. Elle ajoute\u00a0:<\/p>\n<p>&#8211; Si l\u2019on est bien portant, cela ne sert \u00e0 rien.<\/p>\n<p>&#8211; Ah bon\u00a0?<\/p>\n<p>Et de m\u2019expliquer\u00a0:<\/p>\n<p>&#8211; \u00ab\u00a0On est pass\u00e9s du statut de pestif\u00e9r\u00e9s \u00e0 celui de l\u00e0 o\u00f9 il fait bon vivre. Les habitants s\u2019\u00e9taient transform\u00e9s en spationautes\u00a0! Alors le premier ministre a tap\u00e9 du point sur la table, il y a d\u00e9j\u00e0 un mois\u00a0:<\/p>\n<p>&#8211; Arr\u00eatez de d\u00e9valiser les supermarch\u00e9s\u00a0! De faire des stocks de papier toilette\u00a0! Le monde entier vous regarde, vous \u00eates ri-di-cules\u00a0! Et tout le monde a ob\u00e9i.\u00a0Mais les Fran\u00e7ais, comme d\u2019habitude, se croient sur leur plan\u00e8te\u00a0! \u00bb<\/p>\n<p>Cette amie est fran\u00e7aise, argentine, mari\u00e9 \u00e0 un Canadien. Voyagiste, elle s\u2019inqui\u00e8te surtout de perdre son emploi, comme plusieurs de ses coll\u00e8gues. Et elle s\u2019\u00e9nerve du message de l\u2019extr\u00eame droite lep\u00e9niste face au virus venu de l\u2019\u00e9tranger qui passe les fronti\u00e8res, contagieux, dangereux. Une heureuse opportunit\u00e9 pour la propagande x\u00e9nophobe.<\/p>\n<p>\u00a0\u00a0 Paris. Ce soir, nous sommes pass\u00e9s au stade 3. Plus de sorties au restaurant, de discussions aux caf\u00e9s, de cin\u00e9ma. Seuls les commerces alimentaires et pharmacies resteront ouverts. On patiente, curieux de cette exp\u00e9rience \u00e0 laquelle on assiste en spectateurs.<\/p>\n<p style=\"text-align: right;\"><i>J 2 \u00a0Samedi 14 mars 2020<\/i><\/p>\n<p>\u00a0<\/p>\n<p><span style=\"font-weight: 600;\">Un petit tour et puis s&rsquo;en vont<\/span><\/p>\n<p>\u00a0 \u00a0Premier tour des \u00e9lections municipales. Je comptais aller voter, avec un bulletin de vote re\u00e7u par courrier, et mon propre stylo (suivant les consignes). Mais plus la matin\u00e9e se d\u00e9roulait, plus j\u2019h\u00e9sitais. A la une d\u2019un journal, des m\u00e9decins appelaient \u00e0 ne pas aller voter. A qui faire confiance\u00a0? Finalement, pas tr\u00e8s rassur\u00e9e, j\u2019ai accompli mon devoir de citoyenne dans une mairie quasi d\u00e9serte.<\/p>\n<p>\u00a0 \u00a0Ma m\u00e8re, partie chercher le soleil en Espagne, est d\u00e9sormais confin\u00e9e dans un studio avec vue sur mer\u00a0! Un cordon sanitaire emp\u00eache m\u00eame l\u2019acc\u00e8s \u00e0 une plage d\u00e9serte. Ma belle-fille, \u00e9tudiante \u00e0 Madrid, s\u2019est install\u00e9e in extr\u00e9mis chez une amie pour y vivre le temps du confinement.<\/p>\n<p>\u00a0\u00a0 Aujourd\u2019hui, nous devions passer la journ\u00e9e avec une amie et sa fille \u00e0 l\u2019Op\u00e9ra Comique pour leurs Portes Ouvertes annuelles\u00a0: \u00e9v\u00e9nement annul\u00e9\u00a0!<\/p>\n<p>\u00a0Le directeur de l\u2019\u00e9cole de Louise essaie de recenser tous les enfants de m\u00e9decins, infirmi\u00e8res et infirmiers afin d\u2019organiser leur accueil, d\u00e8s demain.<\/p>\n<p>\u00a0 Les r\u00e9sultats du 1<sup>er<\/sup> tour en pleine \u00e9pid\u00e9mie de Covid-19\u00a0sont tomb\u00e9s : il n\u2019y aurait pas de second tour\u00a0! C\u2019\u00e9tait bien la peine de passer outre mes craintes de mettre un bulletin de vote dans l\u2019urne !<\/p>\n<p>\u00a0 Enfin, ce soir, Louise m\u2019a demand\u00e9 de l\u2019embrasser avant qu\u2019elle ne s\u2019endorme. J\u2019ai refus\u00e9, de crainte de nous transmettre le virus. Alors, elle m\u2019a demand\u00e9 un c\u00e2lin et j\u2019ai pos\u00e9 ma t\u00eate sur son ventre, sans la regarder.<\/p>\n<p style=\"text-align: right;\"><em>J 3 \u00a0Dimanche 15 mars 2020<\/em><\/p>\n<p>\u00a0<\/p>\n<p>\u00a0<\/p>\n<!-- AddThis Advanced Settings generic via filter on the_content --><!-- AddThis Share Buttons generic via filter on the_content -->","protected":false},"excerpt":{"rendered":"<p>Rentrer &nbsp;&nbsp;&nbsp;Le Pr\u00e9sident de R\u00e9publique a parl\u00e9. Nous sommes au 1er jour d\u2019une s\u00e9v\u00e8re lutte contre le COVID-19, ce coronavirus venu de Chine et qui n\u2019en finit pas de se r\u00e9pandre, de pays en continent. &nbsp; &nbsp;Alors, ce matin, j\u2019ai donn\u00e9 mon dernier cours de fran\u00e7ais (langue \u00e9trang\u00e8re) avant d\u2019entrer en confinement. J\u2019ai dit au &hellip; <a href=\"https:\/\/www.sophieecrit.com\/blog\/semaine-1\/\" class=\"more-link\">Continuer la lecture de <span class=\"screen-reader-text\">Semaine 1<\/span><\/a><!-- AddThis Advanced Settings generic via filter on get_the_excerpt --><!-- AddThis Share Buttons generic via filter on get_the_excerpt --><\/p>\n","protected":false},"author":1,"featured_media":0,"comment_status":"closed","ping_status":"closed","sticky":false,"template":"","format":"standard","meta":{"footnotes":""},"categories":[1],"tags":[13,14,12],"class_list":["post-276","post","type-post","status-publish","format-standard","hentry","category-non-classe","tag-confinement","tag-covid-19","tag-journal"],"_links":{"self":[{"href":"https:\/\/www.sophieecrit.com\/blog\/wp-json\/wp\/v2\/posts\/276","targetHints":{"allow":["GET"]}}],"collection":[{"href":"https:\/\/www.sophieecrit.com\/blog\/wp-json\/wp\/v2\/posts"}],"about":[{"href":"https:\/\/www.sophieecrit.com\/blog\/wp-json\/wp\/v2\/types\/post"}],"author":[{"embeddable":true,"href":"https:\/\/www.sophieecrit.com\/blog\/wp-json\/wp\/v2\/users\/1"}],"replies":[{"embeddable":true,"href":"https:\/\/www.sophieecrit.com\/blog\/wp-json\/wp\/v2\/comments?post=276"}],"version-history":[{"count":7,"href":"https:\/\/www.sophieecrit.com\/blog\/wp-json\/wp\/v2\/posts\/276\/revisions"}],"predecessor-version":[{"id":285,"href":"https:\/\/www.sophieecrit.com\/blog\/wp-json\/wp\/v2\/posts\/276\/revisions\/285"}],"wp:attachment":[{"href":"https:\/\/www.sophieecrit.com\/blog\/wp-json\/wp\/v2\/media?parent=276"}],"wp:term":[{"taxonomy":"category","embeddable":true,"href":"https:\/\/www.sophieecrit.com\/blog\/wp-json\/wp\/v2\/categories?post=276"},{"taxonomy":"post_tag","embeddable":true,"href":"https:\/\/www.sophieecrit.com\/blog\/wp-json\/wp\/v2\/tags?post=276"}],"curies":[{"name":"wp","href":"https:\/\/api.w.org\/{rel}","templated":true}]}}