{"id":171,"date":"2017-08-04T12:54:16","date_gmt":"2017-08-04T10:54:16","guid":{"rendered":"http:\/\/www.sophieecrit.com\/?p=171"},"modified":"2020-02-12T17:50:57","modified_gmt":"2020-02-12T16:50:57","slug":"vacances-dete","status":"publish","type":"post","link":"https:\/\/www.sophieecrit.com\/blog\/vacances-dete\/","title":{"rendered":"Vacances d&rsquo;\u00e9t\u00e9"},"content":{"rendered":"<p><img loading=\"lazy\" decoding=\"async\" class=\"wp-image-174 aligncenter\" src=\"\/wp-content\/uploads\/2017\/08\/Vacances-900x675.jpg\" alt=\"\" width=\"211\" height=\"159\" srcset=\"https:\/\/www.sophieecrit.com\/wp-content\/uploads\/2017\/08\/Vacances-900x675.jpg 900w, https:\/\/www.sophieecrit.com\/wp-content\/uploads\/2017\/08\/Vacances-768x576.jpg 768w, https:\/\/www.sophieecrit.com\/wp-content\/uploads\/2017\/08\/Vacances-1200x900.jpg 1200w, https:\/\/www.sophieecrit.com\/wp-content\/uploads\/2017\/08\/Vacances-648x486.jpg 648w, https:\/\/www.sophieecrit.com\/wp-content\/uploads\/2017\/08\/Vacances-256x192.jpg 256w\" sizes=\"auto, (max-width: 211px) 100vw, 211px\" \/><\/p>\n<p style=\"text-align: justify;\">\u00a0 \u00a0 Si les vacances de No\u00ebl sont devenues celles de<em> fin d\u2019ann\u00e9e<\/em>, les vacances de Toussaint, celles d\u2019<em>automne<\/em>, celles de P\u00e2ques, de <em>printemps<\/em>, les <em>grandes <\/em>vacances sont \u00e9ternelles. On s\u2019est souhait\u00e9 un bel \u00e9t\u00e9, en d\u00e9comptant les jours avant le d\u00e9part. On a \u00e9cout\u00e9 les noms des destinations, les projets de randonn\u00e9es des uns, d\u2019escapades en M\u00e9diterran\u00e9e des autres. Puis tout s\u2019est embrouill\u00e9. On ne sait plus qui est parti o\u00f9 et peu importe.<\/p>\n<p style=\"text-align: justify;\"><!--more--><\/p>\n<p style=\"text-align: justify;\">\u00a0 L\u2019oubli est roi quand vient l\u2019\u00e9t\u00e9. Les journ\u00e9es sont longues et les d\u00eeners s\u2019\u00e9tirent dans les jardins, sur les terrasses. On admire les soleils couchant puis les nuits \u00e9toil\u00e9es. On a troqu\u00e9 la ville pour une autre, ailleurs, loin, inexplor\u00e9e, ou pour une plage, un paysage de campagne, des sommets enneig\u00e9s. A chacun son enchantement.<\/p>\n<p style=\"text-align: justify;\">\u00a0 Bient\u00f4t, il n\u2019y aura plus d\u2019horaires, ou presque; les mar\u00e9es ont leur annuaire. On oubliera son travail, ou l\u2019on essaiera de ne plus y penser. On perdra le fil du temps. Il faudra juste se souvenir du cours de voile, pr\u00e9voir des quartiers de pomme pour le poney.<\/p>\n<p style=\"text-align: justify;\">\u00a0 Aux <em>grandes<\/em> vacances, les conversations papillonnent de recettes en balades. On plonge dans une lecture facile \u00e0 l\u2019ombre d\u2019un ch\u00eane et la sieste nous emporte. Les enfants construisent des cabanes secr\u00e8tes et les parents c\u00e8dent sur les cerfs volants. Mais les chatons grandiront \u00e0 la ferme.<\/p>\n<p style=\"text-align: justify;\">\u00a0 Parfois, les <em>grandes<\/em> vacances sont diff\u00e9r\u00e9es. Elles ont eu lieu en mai ou sont pr\u00e9vues \u00e0 l\u2019arri\u00e8re-saison, loin des foules estivales. Et l\u2019on envie cette libert\u00e9. Cette possibilit\u00e9 de d\u00e9cider que les vacances d\u2019\u00e9t\u00e9 ont lieu quand bon nous semble.<\/p>\n<p style=\"text-align: justify;\">\u00a0 En vacances, on \u00e9vite de prononcer le mot <em>rentr\u00e9e<\/em>.<\/p>\n<!-- AddThis Advanced Settings generic via filter on the_content --><!-- AddThis Share Buttons generic via filter on the_content -->","protected":false},"excerpt":{"rendered":"<p>\u00a0 \u00a0 Si les vacances de No\u00ebl sont devenues celles de fin d\u2019ann\u00e9e, les vacances de Toussaint, celles d\u2019automne, celles de P\u00e2ques, de printemps, les grandes vacances sont \u00e9ternelles. On s\u2019est souhait\u00e9 un bel \u00e9t\u00e9, en d\u00e9comptant les jours avant le d\u00e9part. On a \u00e9cout\u00e9 les noms des destinations, les projets de randonn\u00e9es des uns, &hellip; <a href=\"https:\/\/www.sophieecrit.com\/blog\/vacances-dete\/\" class=\"more-link\">Continuer la lecture de <span class=\"screen-reader-text\">Vacances d&rsquo;\u00e9t\u00e9<\/span><\/a><!-- AddThis Advanced Settings generic via filter on get_the_excerpt --><!-- AddThis Share Buttons generic via filter on get_the_excerpt --><\/p>\n","protected":false},"author":1,"featured_media":0,"comment_status":"closed","ping_status":"open","sticky":false,"template":"","format":"standard","meta":{"footnotes":""},"categories":[7],"tags":[],"class_list":["post-171","post","type-post","status-publish","format-standard","hentry","category-cote-mots"],"_links":{"self":[{"href":"https:\/\/www.sophieecrit.com\/blog\/wp-json\/wp\/v2\/posts\/171","targetHints":{"allow":["GET"]}}],"collection":[{"href":"https:\/\/www.sophieecrit.com\/blog\/wp-json\/wp\/v2\/posts"}],"about":[{"href":"https:\/\/www.sophieecrit.com\/blog\/wp-json\/wp\/v2\/types\/post"}],"author":[{"embeddable":true,"href":"https:\/\/www.sophieecrit.com\/blog\/wp-json\/wp\/v2\/users\/1"}],"replies":[{"embeddable":true,"href":"https:\/\/www.sophieecrit.com\/blog\/wp-json\/wp\/v2\/comments?post=171"}],"version-history":[{"count":8,"href":"https:\/\/www.sophieecrit.com\/blog\/wp-json\/wp\/v2\/posts\/171\/revisions"}],"predecessor-version":[{"id":246,"href":"https:\/\/www.sophieecrit.com\/blog\/wp-json\/wp\/v2\/posts\/171\/revisions\/246"}],"wp:attachment":[{"href":"https:\/\/www.sophieecrit.com\/blog\/wp-json\/wp\/v2\/media?parent=171"}],"wp:term":[{"taxonomy":"category","embeddable":true,"href":"https:\/\/www.sophieecrit.com\/blog\/wp-json\/wp\/v2\/categories?post=171"},{"taxonomy":"post_tag","embeddable":true,"href":"https:\/\/www.sophieecrit.com\/blog\/wp-json\/wp\/v2\/tags?post=171"}],"curies":[{"name":"wp","href":"https:\/\/api.w.org\/{rel}","templated":true}]}}