{"id":152,"date":"2017-07-17T19:15:34","date_gmt":"2017-07-17T17:15:34","guid":{"rendered":"http:\/\/www.sophieecrit.com\/?p=152"},"modified":"2020-02-12T17:50:57","modified_gmt":"2020-02-12T16:50:57","slug":"proust","status":"publish","type":"post","link":"https:\/\/www.sophieecrit.com\/blog\/proust\/","title":{"rendered":"Proust ?"},"content":{"rendered":"<p style=\"text-align: justify;\">\u00a0 \u00a0<img loading=\"lazy\" decoding=\"async\" class=\"alignleft wp-image-148\" src=\"\/wp-content\/uploads\/2017\/07\/PROUST-IMG_4571-copie-900x675.jpg\" alt=\"\" width=\"264\" height=\"198\" srcset=\"https:\/\/www.sophieecrit.com\/wp-content\/uploads\/2017\/07\/PROUST-IMG_4571-copie-900x675.jpg 900w, https:\/\/www.sophieecrit.com\/wp-content\/uploads\/2017\/07\/PROUST-IMG_4571-copie-768x576.jpg 768w, https:\/\/www.sophieecrit.com\/wp-content\/uploads\/2017\/07\/PROUST-IMG_4571-copie-1200x900.jpg 1200w, https:\/\/www.sophieecrit.com\/wp-content\/uploads\/2017\/07\/PROUST-IMG_4571-copie-648x486.jpg 648w, https:\/\/www.sophieecrit.com\/wp-content\/uploads\/2017\/07\/PROUST-IMG_4571-copie-256x192.jpg 256w, https:\/\/www.sophieecrit.com\/wp-content\/uploads\/2017\/07\/PROUST-IMG_4571-copie.jpg 1632w\" sizes=\"auto, (max-width: 264px) 100vw, 264px\" \/>Lundi matin, rencontre fortuite dans l\u2019ascenseur avec une voisine au visage toujours empreint de tristesse. Apr\u00e8s quelques ann\u00e9es de salutations sommaires, nous parlons de la pluie et du beau temps quand, brusquement, elle me demande ce que je fais dans la vie.<\/p>\n<p style=\"text-align: justify;\">&#8211; Prof de fran\u00e7ais. Et vous ?<\/p>\n<p>&#8211; Psychanalyste.<\/p>\n<p style=\"text-align: justify;\">\u00a0J\u2019ai soudain l\u2019impression d\u2019\u00eatre nue comme un ver \u00e0 ses yeux noirs. Quelle sera la prochaine question ? Mais elle me raconte sa nuit d\u2019insomnie qui l\u2019a plong\u00e9e dans la lecture d\u2019entretiens de Marguerite Yourcenar ! Quelle femme ! s\u2019exclame-t-elle. Quelle auteure ! Je lui confie, \u00e0 mon tour, \u00eatre impressionn\u00e9e par cet \u00e9crivain, son style. <!--more-->Il faut faire vite, nous arrivons au 2\u00e8me \u00e9tage. Je mentionne les<em>\u00a0<a href=\"http:\/\/www.gallimard.fr\/Catalogue\/GALLIMARD\/L-Imaginaire\/Nouvelles-orientales\">Nouvelles orientales.<\/a> <\/em>Elle m\u2019interrompt :<\/p>\n<p><!--more--><\/p>\n<p>&#8211; Quel est votre \u00e9crivain pr\u00e9f\u00e9r\u00e9 ?<\/p>\n<p>&#8211; Heu\u2026 Je ne sais pas\u2026<\/p>\n<p>&#8211; Mais vous avez bien un \u00e9crivain pr\u00e9f\u00e9r\u00e9 ! insiste-t-elle.<\/p>\n<p style=\"text-align: justify;\">\u00a0 Pour un peu, le ton monterait. Lui semble-t-il inconcevable qu\u2019on ne puisse avoir d\u2019auteur favori ? Cette question si personnelle me laisse muette. Or, elle pers\u00e9v\u00e8re, veut des exemples !<\/p>\n<p>&#8211; C\u2019est tr\u00e8s vari\u00e9 : Baudelaire, Proust\u2026Hemingway\u2026Soseki. Je songe \u00e0 ajouter un ou deux noms lorsqu\u2019elle reprend, l\u2019air tr\u00e8s d\u00e9\u00e7u :<\/p>\n<p>&#8211; Proust ?<\/p>\n<p style=\"text-align: justify;\">Si ma r\u00e9ponse lui semble c\u00e9der \u00e0 la facilit\u00e9, je m\u2019en d\u00e9fends. Tout le monde n\u2019aime pas lire Proust. Elle acquiesce, esquisse un l\u00e9ger sourire. Rez-de-chauss\u00e9e. Nous nous engageons en silence dans le hall d\u2019entr\u00e9e, longeons les bo\u00eetes aux lettres. Il est 7h52. L\u2019interrogatoire est fini. Ma journ\u00e9e va reprendre son cours.<\/p>\n<p style=\"text-align: justify;\">&#8211; Vous savez si Proust a assist\u00e9 \u00e0 l\u2019enterrement de sa m\u00e8re ?<\/p>\n<p>Je reste bouche b\u00e9e. Elle s\u2019\u00e9tonne :<\/p>\n<p style=\"text-align: justify;\">&#8211; Vous ne le savez pas ?!<\/p>\n<p style=\"text-align: justify;\">&#8211; Je ne suis pas une sp\u00e9cialiste de Proust.<\/p>\n<p style=\"text-align: justify;\">&#8211; Oui, mais savez-vous s\u2019il a assist\u00e9 \u00e0 l\u2019enterrement de sa m\u00e8re ? C\u2019est tr\u00e8s important ! s\u2019emporte-t-elle.<\/p>\n<p style=\"text-align: justify;\">&#8211; Et pourquoi n\u2019y aurait-il pas assist\u00e9 ? tent\u00e9-je pour me sortir de ce traquenard.<\/p>\n<p style=\"text-align: justify;\">&#8211; Mais parce que son \u00e9criture obsessionnelle, c\u2019est toute sa relation avec sa m\u00e8re ! Je suis s\u00fbre qu\u2019il n\u2019a pas assist\u00e9 \u00e0 son enterrement !<\/p>\n<p style=\"text-align: justify;\">\u00a0J\u2019ouvre la porte sur le bruit de la ville au matin. Je ne r\u00e9soudrai pas cette \u00e9nigme mais y mets tout mon coeur :<\/p>\n<p style=\"text-align: justify;\">&#8211; Proust aimait tellement sa m\u00e8re qu\u2019il n\u2019a pas pu ne pas assister \u00e0 son enterrement.<\/p>\n<p style=\"text-align: justify;\">\u00a0J\u2019aper\u00e7ois alors le bus\u2026 qui file sans moi. Je suis en retard ! Salutations \u00e9court\u00e9es. Course vers le m\u00e9tro avec cette fichue question en t\u00eate, obs\u00e9dante, tragicomique : Proust a-t-il assist\u00e9 \u00e0 l\u2019enterrement de sa m\u00e8re ?<\/p>\n<!-- AddThis Advanced Settings generic via filter on the_content --><!-- AddThis Share Buttons generic via filter on the_content -->","protected":false},"excerpt":{"rendered":"<p>\u00a0 \u00a0Lundi matin, rencontre fortuite dans l\u2019ascenseur avec une voisine au visage toujours empreint de tristesse. Apr\u00e8s quelques ann\u00e9es de salutations sommaires, nous parlons de la pluie et du beau temps quand, brusquement, elle me demande ce que je fais dans la vie. &#8211; Prof de fran\u00e7ais. Et vous ? &#8211; Psychanalyste. \u00a0J\u2019ai soudain l\u2019impression &hellip; <a href=\"https:\/\/www.sophieecrit.com\/blog\/proust\/\" class=\"more-link\">Continuer la lecture de <span class=\"screen-reader-text\">Proust ?<\/span><\/a><!-- AddThis Advanced Settings generic via filter on get_the_excerpt --><!-- AddThis Share Buttons generic via filter on get_the_excerpt --><\/p>\n","protected":false},"author":1,"featured_media":0,"comment_status":"closed","ping_status":"open","sticky":false,"template":"","format":"standard","meta":{"footnotes":""},"categories":[5],"tags":[],"class_list":["post-152","post","type-post","status-publish","format-standard","hentry","category-cote-seine"],"_links":{"self":[{"href":"https:\/\/www.sophieecrit.com\/blog\/wp-json\/wp\/v2\/posts\/152","targetHints":{"allow":["GET"]}}],"collection":[{"href":"https:\/\/www.sophieecrit.com\/blog\/wp-json\/wp\/v2\/posts"}],"about":[{"href":"https:\/\/www.sophieecrit.com\/blog\/wp-json\/wp\/v2\/types\/post"}],"author":[{"embeddable":true,"href":"https:\/\/www.sophieecrit.com\/blog\/wp-json\/wp\/v2\/users\/1"}],"replies":[{"embeddable":true,"href":"https:\/\/www.sophieecrit.com\/blog\/wp-json\/wp\/v2\/comments?post=152"}],"version-history":[{"count":14,"href":"https:\/\/www.sophieecrit.com\/blog\/wp-json\/wp\/v2\/posts\/152\/revisions"}],"predecessor-version":[{"id":251,"href":"https:\/\/www.sophieecrit.com\/blog\/wp-json\/wp\/v2\/posts\/152\/revisions\/251"}],"wp:attachment":[{"href":"https:\/\/www.sophieecrit.com\/blog\/wp-json\/wp\/v2\/media?parent=152"}],"wp:term":[{"taxonomy":"category","embeddable":true,"href":"https:\/\/www.sophieecrit.com\/blog\/wp-json\/wp\/v2\/categories?post=152"},{"taxonomy":"post_tag","embeddable":true,"href":"https:\/\/www.sophieecrit.com\/blog\/wp-json\/wp\/v2\/tags?post=152"}],"curies":[{"name":"wp","href":"https:\/\/api.w.org\/{rel}","templated":true}]}}