{"id":120,"date":"2017-07-02T15:17:44","date_gmt":"2017-07-02T13:17:44","guid":{"rendered":"http:\/\/www.sophieecrit.com\/?p=120"},"modified":"2020-02-12T17:50:57","modified_gmt":"2020-02-12T16:50:57","slug":"f-l-e","status":"publish","type":"post","link":"https:\/\/www.sophieecrit.com\/blog\/f-l-e\/","title":{"rendered":"F.L.E."},"content":{"rendered":"<p style=\"text-align: justify;\"><img loading=\"lazy\" decoding=\"async\" class=\"wp-image-122 alignleft\" src=\"https:\/\/www.sophieecrit.com\/wp-content\/uploads\/2017\/07\/La-classe-de-FLE-900x675.jpg\" alt=\"\" width=\"243\" height=\"183\" srcset=\"https:\/\/www.sophieecrit.com\/wp-content\/uploads\/2017\/07\/La-classe-de-FLE-900x675.jpg 900w, https:\/\/www.sophieecrit.com\/wp-content\/uploads\/2017\/07\/La-classe-de-FLE-768x576.jpg 768w, https:\/\/www.sophieecrit.com\/wp-content\/uploads\/2017\/07\/La-classe-de-FLE-1200x900.jpg 1200w, https:\/\/www.sophieecrit.com\/wp-content\/uploads\/2017\/07\/La-classe-de-FLE-648x486.jpg 648w, https:\/\/www.sophieecrit.com\/wp-content\/uploads\/2017\/07\/La-classe-de-FLE-256x192.jpg 256w\" sizes=\"auto, (max-width: 243px) 100vw, 243px\" \/>\u00a0 \u00a0Cette rubrique commence \u00e0 l\u2019envers, plus pr\u00e9cis\u00e9ment, \u00e0 rebours du calendrier scolaire, et dans la bonne humeur.<\/p>\n<p style=\"text-align: justify;\">\u00a0 En effet, j\u2019aurais pu attendre la rentr\u00e9e de septembre pour ouvrir <em>C\u00f4t\u00e9 cours<\/em>, y raconter quelques unes de mes p\u00e9rip\u00e9ties interculturelles. Lever le voile sur les aventures linguistiques d\u2019\u00e9tudiants, venus des quatre coins du monde, \u00e9tudier le fran\u00e7ais \u00e0 Paris. Mais, c\u2019est \u00e0 l\u2019aube des vacances universitaires que j\u2019ai \u2013 enfin \u2013 trouv\u00e9 le temps de ce blog. Les paquets de copies ont fondu comme neige au soleil. Les programmes d\u2019\u00e9changes se sont termin\u00e9s les uns apr\u00e8s les autres, source de larmes, source de joie.<\/p>\n<p><!--more--><\/p>\n<p style=\"text-align: justify;\">\u00a0\u00a0Enseigner le F.L.E. &#8211; <em>prononc\u00e9 \u201cFleu\u201d, pour Fran\u00e7ais Langue Etrang\u00e8re<\/em> &#8211; n\u2019est pas de tout repos. Il faut courir d\u2019une petite \u00e9cole de langues \u00e0 une fac labyrinthique, d\u2019un h\u00f4tel particulier transform\u00e9 en campus am\u00e9ricain aux cours du soir dans un v\u00e9tuste local associatif ! Quitter la poussi\u00e8re de craie d\u2019un tableau noir pour retrouver le clavier aseptis\u00e9 d\u2019un \u00e9cran num\u00e9rique interactif ! Louvoyer d\u2019une explication grammaticale : <em>Pourquoi vous dites j\u2019ai mont\u00e9 l\u2019escalier, mais je suis mont\u00e9 au 1er \u00e9tage ?<\/em> A l\u2019actualit\u00e9 : \u201c<em>Gr\u00e8ve\u201d, qu\u2019est-ce que \u00e7a veut dire ?<\/em><\/p>\n<p style=\"text-align: justify;\">\u00a0 Ainsi, ce premier texte commence par la fin d\u2019un semestre, ou presque car une intense session d\u2019\u00e9t\u00e9 arrive\u2026 Cette ann\u00e9e, j\u2019aurai fait connaissance de plus d\u2019une centaine d\u2019\u00e9tudiants, d\u2019une soixantaine de nationalit\u00e9s, \u00e2g\u00e9s de 18 \u00e0 75 ans ! De toutes ces rencontres, je me souviendrai particuli\u00e8rement d\u2019un Tha\u00eflandais \u201cheureux \u00e0 Paname comme un poisson dans l\u2019eau\u201d, de Saoudiennes sans voile, d\u2019une danseuse classique japonaise, un fl\u00fbtiste gambien, un aum\u00f4nier de marine ukrainien\u2026 D\u2019un m\u00e9decin syrien, r\u00e9fugi\u00e9, triste et souriant.<\/p>\n<p style=\"text-align: justify;\">\u00a0\u00a0 Hier \u00e9tait le temps des au revoirs, chaleureux ou \u00e0 l\u2019anglaise. Celui des promesses \u00e9tonnantes : \u201cJe n\u2019aurai plus le temps pour le fran\u00e7ais, je vais pratiquer seul !\u201d<\/p>\n<p style=\"text-align: justify;\">\u00a0Celui des r\u00e9clamations : \u201cMadame, j\u2019ai beaucoup aim\u00e9 votre cours, mais il \u00e9tait tr\u00e8s difficile ! Vous pourriez monter ma moyenne de deux points ?\u201d<\/p>\n<!-- AddThis Advanced Settings generic via filter on the_content --><!-- AddThis Share Buttons generic via filter on the_content -->","protected":false},"excerpt":{"rendered":"<p>\u00a0 \u00a0Cette rubrique commence \u00e0 l\u2019envers, plus pr\u00e9cis\u00e9ment, \u00e0 rebours du calendrier scolaire, et dans la bonne humeur. \u00a0 En effet, j\u2019aurais pu attendre la rentr\u00e9e de septembre pour ouvrir C\u00f4t\u00e9 cours, y raconter quelques unes de mes p\u00e9rip\u00e9ties interculturelles. Lever le voile sur les aventures linguistiques d\u2019\u00e9tudiants, venus des quatre coins du monde, \u00e9tudier &hellip; <a href=\"https:\/\/www.sophieecrit.com\/blog\/f-l-e\/\" class=\"more-link\">Continuer la lecture de <span class=\"screen-reader-text\">F.L.E.<\/span><\/a><!-- AddThis Advanced Settings generic via filter on get_the_excerpt --><!-- AddThis Share Buttons generic via filter on get_the_excerpt --><\/p>\n","protected":false},"author":1,"featured_media":0,"comment_status":"closed","ping_status":"open","sticky":false,"template":"","format":"standard","meta":{"footnotes":""},"categories":[6],"tags":[],"class_list":["post-120","post","type-post","status-publish","format-standard","hentry","category-cote-cours"],"_links":{"self":[{"href":"https:\/\/www.sophieecrit.com\/blog\/wp-json\/wp\/v2\/posts\/120","targetHints":{"allow":["GET"]}}],"collection":[{"href":"https:\/\/www.sophieecrit.com\/blog\/wp-json\/wp\/v2\/posts"}],"about":[{"href":"https:\/\/www.sophieecrit.com\/blog\/wp-json\/wp\/v2\/types\/post"}],"author":[{"embeddable":true,"href":"https:\/\/www.sophieecrit.com\/blog\/wp-json\/wp\/v2\/users\/1"}],"replies":[{"embeddable":true,"href":"https:\/\/www.sophieecrit.com\/blog\/wp-json\/wp\/v2\/comments?post=120"}],"version-history":[{"count":6,"href":"https:\/\/www.sophieecrit.com\/blog\/wp-json\/wp\/v2\/posts\/120\/revisions"}],"predecessor-version":[{"id":186,"href":"https:\/\/www.sophieecrit.com\/blog\/wp-json\/wp\/v2\/posts\/120\/revisions\/186"}],"wp:attachment":[{"href":"https:\/\/www.sophieecrit.com\/blog\/wp-json\/wp\/v2\/media?parent=120"}],"wp:term":[{"taxonomy":"category","embeddable":true,"href":"https:\/\/www.sophieecrit.com\/blog\/wp-json\/wp\/v2\/categories?post=120"},{"taxonomy":"post_tag","embeddable":true,"href":"https:\/\/www.sophieecrit.com\/blog\/wp-json\/wp\/v2\/tags?post=120"}],"curies":[{"name":"wp","href":"https:\/\/api.w.org\/{rel}","templated":true}]}}